{"id":28713,"date":"2026-04-29T16:13:29","date_gmt":"2026-04-29T14:13:29","guid":{"rendered":"https:\/\/noticias.eudel.eus\/?p=28713"},"modified":"2026-04-29T16:17:32","modified_gmt":"2026-04-29T14:17:32","slug":"justizia-linguistikoa-udaltop-jardunaldiaren-erdigunean","status":"publish","type":"post","link":"https:\/\/noticias.eudel.eus\/eu\/noticia\/justizia-linguistikoa-udaltop-jardunaldiaren-erdigunean\/","title":{"rendered":"Justizia linguistikoa Udaltop jardunaldiaren erdigunean"},"content":{"rendered":"<p><\/p>\n<ul>\n<li><strong>Udaletako Euskara Zerbitzuen Topaketaren 18. edizioa maiatzaren 21ean eta 22an egingo da Lasarte-Oriako Manuel Lekuona Kultur Etxean<\/strong><\/li>\n<li><strong>Dagoeneko zabalik dago izena emateko aukera eta maiatzaren 13ra arte luzatuko da \u00a0<\/strong><\/li>\n<\/ul>\n<p><strong>Udaltop, Udaletako Euskara Zerbitzuen Topaketa, maiatzaren 21ean eta 22an egingo da Lasarte-Oriako Manuel Lekuona Kultur Etxean. Justizia linguistikoa izango da aurtengo edizioan hizpide, eta, bi egunetan, justizia linguistikoa ikuspegi filosofiko eta politikotik lantzeko ahalegina egiteaz gaiz, hizkuntza gutxituak indarberritzeko oinarriez hitz egingo da. \u00a0<\/strong><\/p>\n<p><em>Justizia linguistikoa: diskurtsoak, praktikak eta oinarriak berdintasuna helburu <\/em>izenburupean, justizia linguistikoa izango da aurtengo jardunaldian ardatz. Bi egunetan zehar, justizia linguistikoa ikuspegi filosofiko eta politikotik lantzeko ahalegina egingo da, eta, besteak beste, hizkuntza gutxituak indarberritzeko oinarri etiko eta politikoak azalduko dira; oinarri horiek hizkuntza-politiken marko teoriko eta praktikoetara nola ekarri; araubideetan nola islatu\u2026<\/p>\n<p>Hitzaldi sorta zabaltzeko, Vicenta Tasa Fuster (Oliva, 1974) gonbidatu dugu, berea izango da XVIII. edizioa zabaltzeko ardura. Valentziarra Konstituzio Zuzenbideko irakaslea da Valentziako Unibertsitatean eta bere hitzartzean, justizia linguistikoaren ikuspegi filosofiko eta politikoa eskainiko du eta egoera minorizatuan dauden hizkuntzak indarberritzeko oinarri etiko eta politikoak azaltzen ahaleginduko da.<\/p>\n<p>Gainerako gonbidatuen artean, besteak beste, Xabier Arzoz Santesteban, UNEDeko Zuzenbide Administratiboko katedraduna; I\u00f1igo Urrutia Libarona, EHUko Justizia Soziolinguistikoaren Katedrako zuzendaria; edota, berdintasun soziolinguistikorako Equiling izeneko ekintza-ikerketan aritu den Soziolinguistika Klusterreko Miren Otxotorena Aranguren.<\/p>\n<p>Egitarauak badu berrikuntza nagusi bat. Izan ere, aurten ez da ohiko talde-lanik egingo. Bere ordez, <em>Gure plaza, lekukotasunak eta eztabaidak<\/em> izeneko dinamika egingo da bigarren egunean, ostiralean. Justizia linguistikoarekin lotura duten lau errealitate azalduko dira, euskararen lurralde guztiak ordezkatuz (Nafarroa, Iparraldea, Araba eta Bizkaia-Gipuzkoa). Eta jarraian, eztabaida-plaza sustatuko da. Bertan, dinamika ezberdinak baliatuz, parte-hartzaileek beren iritziak plazaratzeko aukera izango dute.<\/p>\n<p><strong>Izen-ematea, zabalik<\/strong><\/p>\n<p>Maiatzaren 21ean eta 22an egingo den topaketarako izen-ematea zabalik da, maiatzaren 13ra arte. Matrikulazioa <a href=\"http:\/\/www.udaltop.eus\/\">www.udaltop.eus<\/a> webgunean egin behar da; bi aukera izango dira jardunaldia jarraitzeko, aurrez aurre edo online. Prezioa, berriz, aukeratutako formatuaren araberakoa izango da: aurrez aurre, 70 \u20ac, eta, online, 30 \u20ac. \u00a0Lehenengo aukerak osteguneko bazkaria, bi egunetako hamaiketakoa eta Udaltopen materiala barneratzen ditu. Online aukeratzen dutenek jardunaldia jarraitzeko lotura jasoko dute jardunaldia hasi baino aste bete lehenago.<\/p>\n<p>Antolatzaile lanetan euskararen lurralde guztietako erakundeak ariko dira: Euskal Hirigune Elkargoa; Eusko Jaurlaritza; Nafarroako Gobernua; Arabako, Bizkaiko eta Gipuzkoako foru aldundiak; eta Lasarte-Oriako Udala. Laguntzaile gisa, berriz, EUDEL, UEMA eta Kataluniako Consorci per a la Normalitzaci\u00f3 Ling\u00fc\u00edstica (CPLN) erakundea bidelagun izango dira.<\/p>\n<p>Informazio gehiago: <a href=\"https:\/\/www.udaltop.eus\/eu\/\">https:\/\/www.udaltop.eus\/eu\/<\/a><\/p>","protected":false},"excerpt":{"rendered":"<p>Udaletako Euskara Zerbitzuen Topaketaren 18. edizioa maiatzaren 21ean eta 22an egingo da Lasarte-Oriako Manuel Lekuona Kultur Etxean Dagoeneko zabalik dago izena emateko aukera eta maiatzaren 13ra arte luzatuko da \u00a0 <\/p>\n","protected":false},"author":10,"featured_media":28715,"comment_status":"closed","ping_status":"closed","sticky":false,"template":"","format":"standard","meta":{"footnotes":""},"categories":[20,1],"tags":[],"_links":{"self":[{"href":"https:\/\/noticias.eudel.eus\/eu\/wp-json\/wp\/v2\/posts\/28713"}],"collection":[{"href":"https:\/\/noticias.eudel.eus\/eu\/wp-json\/wp\/v2\/posts"}],"about":[{"href":"https:\/\/noticias.eudel.eus\/eu\/wp-json\/wp\/v2\/types\/post"}],"author":[{"embeddable":true,"href":"https:\/\/noticias.eudel.eus\/eu\/wp-json\/wp\/v2\/users\/10"}],"replies":[{"embeddable":true,"href":"https:\/\/noticias.eudel.eus\/eu\/wp-json\/wp\/v2\/comments?post=28713"}],"version-history":[{"count":2,"href":"https:\/\/noticias.eudel.eus\/eu\/wp-json\/wp\/v2\/posts\/28713\/revisions"}],"predecessor-version":[{"id":28717,"href":"https:\/\/noticias.eudel.eus\/eu\/wp-json\/wp\/v2\/posts\/28713\/revisions\/28717"}],"wp:featuredmedia":[{"embeddable":true,"href":"https:\/\/noticias.eudel.eus\/eu\/wp-json\/wp\/v2\/media\/28715"}],"wp:attachment":[{"href":"https:\/\/noticias.eudel.eus\/eu\/wp-json\/wp\/v2\/media?parent=28713"}],"wp:term":[{"taxonomy":"category","embeddable":true,"href":"https:\/\/noticias.eudel.eus\/eu\/wp-json\/wp\/v2\/categories?post=28713"},{"taxonomy":"post_tag","embeddable":true,"href":"https:\/\/noticias.eudel.eus\/eu\/wp-json\/wp\/v2\/tags?post=28713"}],"curies":[{"name":"wp","href":"https:\/\/api.w.org\/{rel}","templated":true}]}}